{"id":1012,"date":"2025-11-10T10:02:55","date_gmt":"2025-11-10T10:02:55","guid":{"rendered":"https:\/\/litex.no\/?p=1012"},"modified":"2026-01-26T12:49:29","modified_gmt":"2026-01-26T12:49:29","slug":"flisekompaniet-inngar-distribusjonssamarbeid-med-litex","status":"publish","type":"post","link":"https:\/\/litex.no\/se\/flisekompaniet-inngar-distribusjonssamarbeid-med-litex\/","title":{"rendered":"Flisekompaniet inng\u00e5r distribusjonssamarbeid med Litex"},"content":{"rendered":"\n\t\t<div class=\"dekode-lib__hero-lx alignfull is-post-type-post has-featured-image has-breadcrumbs wp-block-dekode-library-hero-lx\">\n\t\t\t<div class=\"dekode-lib__hero-lx--wrapper\">\n\t\t\t\n\t\t\t<div class=\"dekode-lib__hero-lx--main\">\n\t\t\t\t<div class=\"dekode-lib__hero-lx--breadcrumbs\"><div class=\"yoast-breadcrumbs\"><span><span><a href=\"https:\/\/litex.no\/se\/\">Hjem<\/a><\/span> \/ <span class=\"breadcrumb_last\" aria-current=\"page\">Flisekompaniet inng\u00e5r distribusjonssamarbeid med Litex<\/span><\/span><\/div><\/div>\n\t\t\t\t<div class=\"dekode-lib__hero-lx--content wp-block-group alignwide is-layout-flow wp-block-group-is-layout-flow\">\n\t\t\t\t\t\n<h1 class=\"wp-block-post-title\">Flisekompaniet inng\u00e5r distribusjonssamarbeid med Litex<\/h1>\n\n\n<p><a href=\"https:\/\/www.flisekompaniet.no\/\" target=\"_blank\" rel=\"noreferrer noopener\">Flisekompaniet<\/a>&nbsp;har inng\u00e5tt en landsdekkende distribusjonsavtale med Litex. Avtalen omfatter distribusjon av&nbsp;<a href=\"http:\/\/litex.no\/system\/membranplate\" target=\"_blank\" rel=\"noreferrer noopener\">Litex\u2019 sm\u00f8refrie membranplater<\/a>, som n\u00e5 blir tilgjengelige gjennom Flisekompaniets butikker og nettbutikk.<\/p>\n\n\n\t\t\t\t<\/div>\n\t\t\t<\/div>\n\t\t\t<div class=\"dekode-lib__hero-lx--featured-image\">\n\t\t\t\t<figure class=\"dekode-lib__hero-lx--featured-image-wrapper\">\n\t\t\t\t\t<img decoding=\"async\" width=\"605\" height=\"338\" src=\"https:\/\/litex.no\/content\/uploads\/sites\/5\/2025\/11\/Litex-Distribusjonsavtale-med-Flisekompaniet.png\" class=\"dekode-lib__hero-lx--featured-image-image\" alt=\"\" loading=\"lazy\" srcset=\"https:\/\/litex.no\/content\/uploads\/sites\/5\/2025\/11\/Litex-Distribusjonsavtale-med-Flisekompaniet.png 605w, https:\/\/litex.no\/content\/uploads\/sites\/5\/2025\/11\/Litex-Distribusjonsavtale-med-Flisekompaniet-300x168.png 300w\" sizes=\"auto, (max-width: 605px) 100vw, 605px\" \/>\n\t\t\t\t<\/figure>\n\t\t\t<\/div>\n\t\t\t<\/div>\n\t\t<\/div>\n\n\n<h3 class=\"wp-block-heading alignwide\">Hva inneb\u00e6rer avtalen<\/h3>\n\n\n<p class=\"t2-ingress alignwide wp-block-t2-ingress\">Gjennom samarbeidet blir Litex\u2019 produkter enklere tilgjengelige for b\u00e5de profesjonelle h\u00e5ndverkere og private kunder over hele landet. Avtalen styrker Litex\u2019 posisjon i markedet, samtidig som Flisekompaniet f\u00e5r et verdifullt tilskudd til sitt produktsortiment \u2013 s\u00e6rlig innen komplette og trygge v\u00e5tromsl\u00f8sninger. <br><br>Samarbeidet trer i kraft umiddelbart og sikrer bred tilgjengelighet av Litex\u2019 produkter i hele Norge.<\/p>\n\n\n<blockquote class=\"wp-block-quote is-layout-flow wp-block-quote-is-layout-flow\">\n<p><\/p>\n<\/blockquote>\n\n\n\n<figure class=\"wp-block-pullquote alignwide\"><blockquote><p><em>\u00abLitex representerer et verdifullt tilskudd til v\u00e5rt produktsortiment. Med sin sterke merkevareposisjon vil Litex bidra til \u00e5 styrke v\u00e5rt tilbud til b\u00e5de profesjonelle akt\u00f8rer og privatkunder. Dette samarbeidet er et viktig steg i v\u00e5r strategi for \u00e5 tilby helhetlige og kvalitetssikrede l\u00f8sninger innen v\u00e5trom.\u00bb<\/em>, <br>Jan Sperre, Flisekompaniet<\/p><\/blockquote><\/figure>\n\n\n\n<figure class=\"wp-block-pullquote alignwide\"><blockquote><p><em>\u00abVi er sv\u00e6rt forn\u00f8yde med avtalen med Flisekompaniet, en ledende akt\u00f8r innen flis og baderomsl\u00f8sninger. Dette samarbeidet gir oss en betydelig mulighet til \u00e5 n\u00e5 ut til et bredere marked, og vi ser frem til et langsiktig og fruktbart samarbeid\u00bb<\/em>, <br> J\u00f8rn Helle, Litex<\/p><\/blockquote><\/figure>\n\n\n\t<div class=\"alignfull wp-block-dekode-library-post-type-scroll\" data-navigation=\"true\" data-pagination=\"true\" data-autoheight=\"false\" data-slidesperview=\"3\">\n\t\t\t\t\t<div class=\"dekode-library-post-type-scroll__title\">\n\t\t\t\t<h2>Andre nyhetssaker<\/h2>\n\t\t\t\t\t\t\t<\/div>\n\t\t\t\t<div class=\"dekode-library-post-type-scroll__cards swiper\">\n\t\t\t<div class=\"swiper-wrapper\">\n\t\t\t\t<div class=\"swiper-slide\"><div class=\"t2-featured-single-post t2-featured-content is-post-type-post category-nyheter wp-block-t2-featured-single-post\">\n\t\t<div class=\"wp-block-t2-wrapper\">\n<figure style=\"--t2-focal-point: 50% 50%\" class=\"t2-post-featured-image has-image-ratio-4-3 wp-block-t2-post-featured-image\"><img loading=\"lazy\" decoding=\"async\" width=\"1024\" height=\"390\" src=\"https:\/\/litex.no\/content\/uploads\/sites\/5\/2025\/11\/Linkedin-baderomskabin-1024x390-1.png\" class=\"attachment-post-thumbnail size-post-thumbnail wp-post-image\" alt=\"\" \/><\/figure>\n\n\n\t\t<div class=\"t2-post-card__content wp-block-t2-wrapper\">\n<h3 class=\"t2-post-title wp-block-t2-post-title\">TEST<\/h3>\n<div class=\"t2-post-dynamic-part is-source-filter filter-post_read_more wp-block-t2-post-dynamic-part\"><div class=\"fetured-card--read-more card-link wp-block-button is-style-link has-icon has-icon-arrow_right has-iconposition-left\"><a href=\"https:\/\/litex.no\/se\/cost-effective-construction-process\/\" class=\"wp-block-button__link wp-element-button\">Les mer<\/a><\/div><\/div>\n<\/div>\n\n<\/div>\n<\/div><\/div><div class=\"swiper-slide\"><div class=\"t2-featured-single-post t2-featured-content is-post-type-post category-nyheter wp-block-t2-featured-single-post\">\n\t\t<div class=\"wp-block-t2-wrapper\">\n<figure style=\"--t2-focal-point: 50% 50%\" class=\"t2-post-featured-image has-image-ratio-4-3 wp-block-t2-post-featured-image\"><img loading=\"lazy\" decoding=\"async\" width=\"605\" height=\"338\" src=\"https:\/\/litex.no\/content\/uploads\/sites\/5\/2025\/11\/Litex-Distribusjonsavtale-med-Flisekompaniet.png\" class=\"attachment-post-thumbnail size-post-thumbnail wp-post-image\" alt=\"\" \/><\/figure>\n\n\n\t\t<div class=\"t2-post-card__content wp-block-t2-wrapper\">\n<h3 class=\"t2-post-title wp-block-t2-post-title\">Flisekompaniet inng\u00e5r distribusjonssamarbeid med Litex<\/h3>\n<div class=\"t2-post-dynamic-part is-source-filter filter-post_read_more wp-block-t2-post-dynamic-part\"><div class=\"fetured-card--read-more card-link wp-block-button is-style-link has-icon has-icon-arrow_right has-iconposition-left\"><a href=\"https:\/\/litex.no\/se\/flisekompaniet-inngar-distribusjonssamarbeid-med-litex\/\" class=\"wp-block-button__link wp-element-button\">Les mer<\/a><\/div><\/div>\n<\/div>\n\n<\/div>\n<\/div><\/div><div class=\"swiper-slide\"><div class=\"t2-featured-single-post t2-featured-content is-post-type-post category-nyheter wp-block-t2-featured-single-post\">\n\t\t<div class=\"wp-block-t2-wrapper\">\n<figure style=\"--t2-focal-point: 50% 50%\" class=\"t2-post-featured-image has-image-ratio-4-3 wp-block-t2-post-featured-image\"><img loading=\"lazy\" decoding=\"async\" width=\"1024\" height=\"375\" src=\"https:\/\/litex.no\/content\/uploads\/sites\/5\/2025\/11\/isol-island-1024x375-1.jpg\" class=\"attachment-post-thumbnail size-post-thumbnail wp-post-image\" alt=\"\" \/><\/figure>\n\n\n\t\t<div class=\"t2-post-card__content wp-block-t2-wrapper\">\n<h3 class=\"t2-post-title wp-block-t2-post-title\">Isol \u2013 v\u00e5r nye kunde p\u00e5 Island<\/h3>\n<div class=\"t2-post-dynamic-part is-source-filter filter-post_read_more wp-block-t2-post-dynamic-part\"><div class=\"fetured-card--read-more card-link wp-block-button is-style-link has-icon has-icon-arrow_right has-iconposition-left\"><a href=\"https:\/\/litex.no\/se\/isol-var-nye-kunde-pa-island\/\" class=\"wp-block-button__link wp-element-button\">Les mer<\/a><\/div><\/div>\n<\/div>\n\n<\/div>\n<\/div><\/div><div class=\"swiper-slide\"><div class=\"t2-featured-single-post t2-featured-content is-post-type-post category-fagartikler wp-block-t2-featured-single-post\">\n\t\t<div class=\"wp-block-t2-wrapper\">\n<figure style=\"--t2-focal-point: 50% 50%\" class=\"t2-post-featured-image has-image-ratio-4-3 wp-block-t2-post-featured-image\"><img loading=\"lazy\" decoding=\"async\" width=\"1024\" height=\"470\" src=\"https:\/\/litex.no\/content\/uploads\/sites\/5\/2026\/01\/kunnskapshaugen-e1529318770723-1024x470-1.jpg\" class=\"attachment-post-thumbnail size-post-thumbnail wp-post-image\" alt=\"\" \/><\/figure>\n\n\n\t\t<div class=\"t2-post-card__content wp-block-t2-wrapper\">\n<h3 class=\"t2-post-title wp-block-t2-post-title\">Et endelig farvel til sm\u00f8remembranen<\/h3>\n<div class=\"t2-post-dynamic-part is-source-filter filter-post_read_more wp-block-t2-post-dynamic-part\"><div class=\"fetured-card--read-more card-link wp-block-button is-style-link has-icon has-icon-arrow_right has-iconposition-left\"><a href=\"https:\/\/litex.no\/se\/et-endelig-farvel-til-smoremembranen\/\" class=\"wp-block-button__link wp-element-button\">Les mer<\/a><\/div><\/div>\n<\/div>\n\n<\/div>\n<\/div><\/div>\t\t\t<\/div>\n\t\t\t<div class=\"swiper-next\"><\/div>\n\t\t<\/div>\n\t\t<div class=\"dekode-library-post-type-scroll__bottom\">\n\t\t\t\t\t\t\t\t\t\t<div class=\"swiper-pagination\"><\/div>\n\t\t\t\t\t\t<div class=\"dekode-library-post-type-scroll__navigation\">\n\t\t\t\t<div class=\"wp-block-button is-style-outline\">\n\t\t\t\t\t<button\n\t\t\t\t\t\taria-label=\"Scroll to the left\"\n\t\t\t\t\t\tclass=\"swiper-button-prev wp-block-button__link wp-element-button\"\n\t\t\t\t\t><svg xmlns=\"http:\/\/www.w3.org\/2000\/svg\" viewBox=\"0 0 24 24\" height=\"24\" width=\"24\" class=\"t2-icon t2-icon-arrowback\" aria-hidden=\"true\" focusable=\"false\"><path d=\"m10.9 19.3-6.6-6.6c-.1-.1-.2-.2-.2-.3-.1-.1-.1-.3-.1-.4 0-.1 0-.3.1-.4 0-.1.1-.2.2-.3l6.6-6.6c.2-.2.4-.3.7-.3.3 0 .5.1.7.3.2.2.3.4.3.7 0 .3-.1.5-.3.7L7.4 11h11.2c.3 0 .5.1.7.3.2.2.3.4.3.7s-.1.5-.3.7c-.2.2-.4.3-.7.3H7.4l4.9 4.9c.2.2.3.4.3.7 0 .3-.1.5-.3.7-.2.2-.4.3-.7.3s-.5-.1-.7-.3z\" fill=\"currentColor\" \/><\/svg><\/button>\n\t\t\t\t<\/div>\n\t\t\t\t<div class=\"wp-block-button\">\n\t\t\t\t\t<button\n\t\t\t\t\t\taria-label=\"Scroll to the right\"\n\t\t\t\t\t\tclass=\"swiper-button-next wp-block-button__link wp-element-button\"\n\t\t\t\t\t><svg xmlns=\"http:\/\/www.w3.org\/2000\/svg\" viewBox=\"0 0 24 24\" height=\"24\" width=\"24\" class=\"t2-icon t2-icon-arrowforward\" aria-hidden=\"true\" focusable=\"false\"><path d=\"M11.3 19.3c-.2-.2-.3-.4-.3-.7 0-.3.1-.5.3-.7l4.9-4.9H5c-.3 0-.5-.1-.7-.3-.2-.2-.3-.4-.3-.7s.1-.5.3-.7c.2-.2.4-.3.7-.3h11.2l-4.9-4.9c-.2-.2-.3-.4-.3-.7 0-.3.1-.5.3-.7.2-.2.4-.3.7-.3s.5.1.7.3l6.6 6.6c.1.1.2.2.2.3 0 .1.1.3.1.4 0 .1 0 .3-.1.4 0 .1-.1.2-.2.3l-6.6 6.6c-.2.2-.4.3-.7.3s-.5-.1-.7-.3z\" fill=\"currentColor\" \/><\/svg><\/button>\n\t\t\t\t<\/div>\n\t\t\t<\/div>\n\t\t<\/div>\n\t<\/div>\n\t","protected":false},"excerpt":{"rendered":"<p>Hva inneb\u00e6rer avtalen \u00abLitex representerer et verdifullt tilskudd til v\u00e5rt produktsortiment. Med sin sterke merkevareposisjon vil Litex bidra til \u00e5 styrke v\u00e5rt tilbud til b\u00e5de profesjonelle akt\u00f8rer og privatkunder. Dette samarbeidet er et viktig steg i v\u00e5r strategi for \u00e5 tilby helhetlige og kvalitetssikrede l\u00f8sninger innen v\u00e5trom.\u00bb, Jan Sperre, Flisekompaniet \u00abVi er sv\u00e6rt forn\u00f8yde med [&hellip;]<\/p>\n","protected":false},"author":5,"featured_media":1013,"comment_status":"closed","ping_status":"closed","sticky":false,"template":"","format":"standard","meta":{"footnotes":""},"categories":[26],"tags":[],"class_list":["post-1012","post","type-post","status-publish","format-standard","has-post-thumbnail","hentry","category-nyheter"],"yoast_head":"<!-- This site is optimized with the Yoast SEO Premium plugin v26.2 (Yoast SEO v26.8) - https:\/\/yoast.com\/product\/yoast-seo-premium-wordpress\/ -->\n<title>Flisekompaniet inng\u00e5r distribusjonssamarbeid med Litex - Litex swedish<\/title>\n<meta name=\"robots\" content=\"index, follow, max-snippet:-1, max-image-preview:large, max-video-preview:-1\" \/>\n<link rel=\"canonical\" href=\"https:\/\/litex.no\/se\/flisekompaniet-inngar-distribusjonssamarbeid-med-litex\/\" \/>\n<meta property=\"og:locale\" content=\"nb_NO\" \/>\n<meta property=\"og:type\" content=\"article\" \/>\n<meta property=\"og:title\" content=\"Flisekompaniet inng\u00e5r distribusjonssamarbeid med Litex\" \/>\n<meta property=\"og:description\" content=\"Hva inneb\u00e6rer avtalen \u00abLitex representerer et verdifullt tilskudd til v\u00e5rt produktsortiment. Med sin sterke merkevareposisjon vil Litex bidra til \u00e5 styrke v\u00e5rt tilbud til b\u00e5de profesjonelle akt\u00f8rer og privatkunder. Dette samarbeidet er et viktig steg i v\u00e5r strategi for \u00e5 tilby helhetlige og kvalitetssikrede l\u00f8sninger innen v\u00e5trom.\u00bb, Jan Sperre, Flisekompaniet \u00abVi er sv\u00e6rt forn\u00f8yde med [&hellip;]\" \/>\n<meta property=\"og:url\" content=\"https:\/\/litex.no\/se\/flisekompaniet-inngar-distribusjonssamarbeid-med-litex\/\" \/>\n<meta property=\"og:site_name\" content=\"Litex swedish\" \/>\n<meta property=\"article:published_time\" content=\"2025-11-10T10:02:55+00:00\" \/>\n<meta property=\"article:modified_time\" content=\"2026-01-26T12:49:29+00:00\" \/>\n<meta property=\"og:image\" content=\"https:\/\/litex.no\/content\/uploads\/sites\/5\/2025\/11\/Litex-Distribusjonsavtale-med-Flisekompaniet.png\" \/>\n\t<meta property=\"og:image:width\" content=\"605\" \/>\n\t<meta property=\"og:image:height\" content=\"338\" \/>\n\t<meta property=\"og:image:type\" content=\"image\/png\" \/>\n<meta name=\"author\" content=\"elise\" \/>\n<meta name=\"twitter:card\" content=\"summary_large_image\" \/>\n<meta name=\"twitter:label1\" content=\"Skrevet av\" \/>\n\t<meta name=\"twitter:data1\" content=\"elise\" \/>\n\t<meta name=\"twitter:label2\" content=\"Ansl. lesetid\" \/>\n\t<meta name=\"twitter:data2\" content=\"1 minutt\" \/>\n<script type=\"application\/ld+json\" class=\"yoast-schema-graph\">{\"@context\":\"https:\/\/schema.org\",\"@graph\":[{\"@type\":\"Article\",\"@id\":\"https:\/\/litex.no\/se\/flisekompaniet-inngar-distribusjonssamarbeid-med-litex\/#article\",\"isPartOf\":{\"@id\":\"https:\/\/litex.no\/se\/flisekompaniet-inngar-distribusjonssamarbeid-med-litex\/\"},\"author\":{\"name\":\"elise\",\"@id\":\"https:\/\/litex.no\/se\/#\/schema\/person\/d656cf2fa01bbfb5f3b3d4deb73abdd9\"},\"headline\":\"Flisekompaniet inng\u00e5r distribusjonssamarbeid med Litex\",\"datePublished\":\"2025-11-10T10:02:55+00:00\",\"dateModified\":\"2026-01-26T12:49:29+00:00\",\"mainEntityOfPage\":{\"@id\":\"https:\/\/litex.no\/se\/flisekompaniet-inngar-distribusjonssamarbeid-med-litex\/\"},\"wordCount\":137,\"publisher\":{\"@id\":\"https:\/\/litex.no\/se\/#organization\"},\"image\":{\"@id\":\"https:\/\/litex.no\/se\/flisekompaniet-inngar-distribusjonssamarbeid-med-litex\/#primaryimage\"},\"thumbnailUrl\":\"https:\/\/litex.no\/content\/uploads\/sites\/5\/2025\/11\/Litex-Distribusjonsavtale-med-Flisekompaniet.png\",\"articleSection\":[\"Nyheter\"],\"inLanguage\":\"nb-NO\"},{\"@type\":\"WebPage\",\"@id\":\"https:\/\/litex.no\/se\/flisekompaniet-inngar-distribusjonssamarbeid-med-litex\/\",\"url\":\"https:\/\/litex.no\/se\/flisekompaniet-inngar-distribusjonssamarbeid-med-litex\/\",\"name\":\"Flisekompaniet inng\u00e5r distribusjonssamarbeid med Litex - Litex swedish\",\"isPartOf\":{\"@id\":\"https:\/\/litex.no\/se\/#website\"},\"primaryImageOfPage\":{\"@id\":\"https:\/\/litex.no\/se\/flisekompaniet-inngar-distribusjonssamarbeid-med-litex\/#primaryimage\"},\"image\":{\"@id\":\"https:\/\/litex.no\/se\/flisekompaniet-inngar-distribusjonssamarbeid-med-litex\/#primaryimage\"},\"thumbnailUrl\":\"https:\/\/litex.no\/content\/uploads\/sites\/5\/2025\/11\/Litex-Distribusjonsavtale-med-Flisekompaniet.png\",\"datePublished\":\"2025-11-10T10:02:55+00:00\",\"dateModified\":\"2026-01-26T12:49:29+00:00\",\"breadcrumb\":{\"@id\":\"https:\/\/litex.no\/se\/flisekompaniet-inngar-distribusjonssamarbeid-med-litex\/#breadcrumb\"},\"inLanguage\":\"nb-NO\",\"potentialAction\":[{\"@type\":\"ReadAction\",\"target\":[\"https:\/\/litex.no\/se\/flisekompaniet-inngar-distribusjonssamarbeid-med-litex\/\"]}]},{\"@type\":\"ImageObject\",\"inLanguage\":\"nb-NO\",\"@id\":\"https:\/\/litex.no\/se\/flisekompaniet-inngar-distribusjonssamarbeid-med-litex\/#primaryimage\",\"url\":\"https:\/\/litex.no\/content\/uploads\/sites\/5\/2025\/11\/Litex-Distribusjonsavtale-med-Flisekompaniet.png\",\"contentUrl\":\"https:\/\/litex.no\/content\/uploads\/sites\/5\/2025\/11\/Litex-Distribusjonsavtale-med-Flisekompaniet.png\",\"width\":605,\"height\":338},{\"@type\":\"BreadcrumbList\",\"@id\":\"https:\/\/litex.no\/se\/flisekompaniet-inngar-distribusjonssamarbeid-med-litex\/#breadcrumb\",\"itemListElement\":[{\"@type\":\"ListItem\",\"position\":1,\"name\":\"Hjem\",\"item\":\"https:\/\/litex.no\/se\/\"},{\"@type\":\"ListItem\",\"position\":2,\"name\":\"Flisekompaniet inng\u00e5r distribusjonssamarbeid med Litex\"}]},{\"@type\":\"WebSite\",\"@id\":\"https:\/\/litex.no\/se\/#website\",\"url\":\"https:\/\/litex.no\/se\/\",\"name\":\"Litex\",\"description\":\"Simply smarter\",\"publisher\":{\"@id\":\"https:\/\/litex.no\/se\/#organization\"},\"potentialAction\":[{\"@type\":\"SearchAction\",\"target\":{\"@type\":\"EntryPoint\",\"urlTemplate\":\"https:\/\/litex.no\/se\/?s={search_term_string}\"},\"query-input\":{\"@type\":\"PropertyValueSpecification\",\"valueRequired\":true,\"valueName\":\"search_term_string\"}}],\"inLanguage\":\"nb-NO\"},{\"@type\":\"Organization\",\"@id\":\"https:\/\/litex.no\/se\/#organization\",\"name\":\"Litex\",\"url\":\"https:\/\/litex.no\/se\/\",\"logo\":{\"@type\":\"ImageObject\",\"inLanguage\":\"nb-NO\",\"@id\":\"https:\/\/litex.no\/se\/#\/schema\/logo\/image\/\",\"url\":\"https:\/\/litex.no\/content\/uploads\/sites\/5\/2025\/05\/litex-logo.svg\",\"contentUrl\":\"https:\/\/litex.no\/content\/uploads\/sites\/5\/2025\/05\/litex-logo.svg\",\"caption\":\"Litex\"},\"image\":{\"@id\":\"https:\/\/litex.no\/se\/#\/schema\/logo\/image\/\"}},{\"@type\":\"Person\",\"@id\":\"https:\/\/litex.no\/se\/#\/schema\/person\/d656cf2fa01bbfb5f3b3d4deb73abdd9\",\"name\":\"elise\",\"image\":{\"@type\":\"ImageObject\",\"inLanguage\":\"nb-NO\",\"@id\":\"https:\/\/litex.no\/se\/#\/schema\/person\/image\/\",\"url\":\"https:\/\/secure.gravatar.com\/avatar\/971576ad896e751d8d4296b17cc7f2e2f990d3bfc1787487f6a4e5198cd48a28?s=96&d=mm&r=g\",\"contentUrl\":\"https:\/\/secure.gravatar.com\/avatar\/971576ad896e751d8d4296b17cc7f2e2f990d3bfc1787487f6a4e5198cd48a28?s=96&d=mm&r=g\",\"caption\":\"elise\"},\"url\":\"https:\/\/litex.no\/se\/author\/elise\/\"}]}<\/script>\n<!-- \/ Yoast SEO Premium plugin. -->","yoast_head_json":{"title":"Flisekompaniet inng\u00e5r distribusjonssamarbeid med Litex - Litex swedish","robots":{"index":"index","follow":"follow","max-snippet":"max-snippet:-1","max-image-preview":"max-image-preview:large","max-video-preview":"max-video-preview:-1"},"canonical":"https:\/\/litex.no\/se\/flisekompaniet-inngar-distribusjonssamarbeid-med-litex\/","og_locale":"nb_NO","og_type":"article","og_title":"Flisekompaniet inng\u00e5r distribusjonssamarbeid med Litex","og_description":"Hva inneb\u00e6rer avtalen \u00abLitex representerer et verdifullt tilskudd til v\u00e5rt produktsortiment. Med sin sterke merkevareposisjon vil Litex bidra til \u00e5 styrke v\u00e5rt tilbud til b\u00e5de profesjonelle akt\u00f8rer og privatkunder. Dette samarbeidet er et viktig steg i v\u00e5r strategi for \u00e5 tilby helhetlige og kvalitetssikrede l\u00f8sninger innen v\u00e5trom.\u00bb, Jan Sperre, Flisekompaniet \u00abVi er sv\u00e6rt forn\u00f8yde med [&hellip;]","og_url":"https:\/\/litex.no\/se\/flisekompaniet-inngar-distribusjonssamarbeid-med-litex\/","og_site_name":"Litex swedish","article_published_time":"2025-11-10T10:02:55+00:00","article_modified_time":"2026-01-26T12:49:29+00:00","og_image":[{"width":605,"height":338,"url":"https:\/\/litex.no\/content\/uploads\/sites\/5\/2025\/11\/Litex-Distribusjonsavtale-med-Flisekompaniet.png","type":"image\/png"}],"author":"elise","twitter_card":"summary_large_image","twitter_misc":{"Skrevet av":"elise","Ansl. lesetid":"1 minutt"},"schema":{"@context":"https:\/\/schema.org","@graph":[{"@type":"Article","@id":"https:\/\/litex.no\/se\/flisekompaniet-inngar-distribusjonssamarbeid-med-litex\/#article","isPartOf":{"@id":"https:\/\/litex.no\/se\/flisekompaniet-inngar-distribusjonssamarbeid-med-litex\/"},"author":{"name":"elise","@id":"https:\/\/litex.no\/se\/#\/schema\/person\/d656cf2fa01bbfb5f3b3d4deb73abdd9"},"headline":"Flisekompaniet inng\u00e5r distribusjonssamarbeid med Litex","datePublished":"2025-11-10T10:02:55+00:00","dateModified":"2026-01-26T12:49:29+00:00","mainEntityOfPage":{"@id":"https:\/\/litex.no\/se\/flisekompaniet-inngar-distribusjonssamarbeid-med-litex\/"},"wordCount":137,"publisher":{"@id":"https:\/\/litex.no\/se\/#organization"},"image":{"@id":"https:\/\/litex.no\/se\/flisekompaniet-inngar-distribusjonssamarbeid-med-litex\/#primaryimage"},"thumbnailUrl":"https:\/\/litex.no\/content\/uploads\/sites\/5\/2025\/11\/Litex-Distribusjonsavtale-med-Flisekompaniet.png","articleSection":["Nyheter"],"inLanguage":"nb-NO"},{"@type":"WebPage","@id":"https:\/\/litex.no\/se\/flisekompaniet-inngar-distribusjonssamarbeid-med-litex\/","url":"https:\/\/litex.no\/se\/flisekompaniet-inngar-distribusjonssamarbeid-med-litex\/","name":"Flisekompaniet inng\u00e5r distribusjonssamarbeid med Litex - Litex swedish","isPartOf":{"@id":"https:\/\/litex.no\/se\/#website"},"primaryImageOfPage":{"@id":"https:\/\/litex.no\/se\/flisekompaniet-inngar-distribusjonssamarbeid-med-litex\/#primaryimage"},"image":{"@id":"https:\/\/litex.no\/se\/flisekompaniet-inngar-distribusjonssamarbeid-med-litex\/#primaryimage"},"thumbnailUrl":"https:\/\/litex.no\/content\/uploads\/sites\/5\/2025\/11\/Litex-Distribusjonsavtale-med-Flisekompaniet.png","datePublished":"2025-11-10T10:02:55+00:00","dateModified":"2026-01-26T12:49:29+00:00","breadcrumb":{"@id":"https:\/\/litex.no\/se\/flisekompaniet-inngar-distribusjonssamarbeid-med-litex\/#breadcrumb"},"inLanguage":"nb-NO","potentialAction":[{"@type":"ReadAction","target":["https:\/\/litex.no\/se\/flisekompaniet-inngar-distribusjonssamarbeid-med-litex\/"]}]},{"@type":"ImageObject","inLanguage":"nb-NO","@id":"https:\/\/litex.no\/se\/flisekompaniet-inngar-distribusjonssamarbeid-med-litex\/#primaryimage","url":"https:\/\/litex.no\/content\/uploads\/sites\/5\/2025\/11\/Litex-Distribusjonsavtale-med-Flisekompaniet.png","contentUrl":"https:\/\/litex.no\/content\/uploads\/sites\/5\/2025\/11\/Litex-Distribusjonsavtale-med-Flisekompaniet.png","width":605,"height":338},{"@type":"BreadcrumbList","@id":"https:\/\/litex.no\/se\/flisekompaniet-inngar-distribusjonssamarbeid-med-litex\/#breadcrumb","itemListElement":[{"@type":"ListItem","position":1,"name":"Hjem","item":"https:\/\/litex.no\/se\/"},{"@type":"ListItem","position":2,"name":"Flisekompaniet inng\u00e5r distribusjonssamarbeid med Litex"}]},{"@type":"WebSite","@id":"https:\/\/litex.no\/se\/#website","url":"https:\/\/litex.no\/se\/","name":"Litex","description":"Simply smarter","publisher":{"@id":"https:\/\/litex.no\/se\/#organization"},"potentialAction":[{"@type":"SearchAction","target":{"@type":"EntryPoint","urlTemplate":"https:\/\/litex.no\/se\/?s={search_term_string}"},"query-input":{"@type":"PropertyValueSpecification","valueRequired":true,"valueName":"search_term_string"}}],"inLanguage":"nb-NO"},{"@type":"Organization","@id":"https:\/\/litex.no\/se\/#organization","name":"Litex","url":"https:\/\/litex.no\/se\/","logo":{"@type":"ImageObject","inLanguage":"nb-NO","@id":"https:\/\/litex.no\/se\/#\/schema\/logo\/image\/","url":"https:\/\/litex.no\/content\/uploads\/sites\/5\/2025\/05\/litex-logo.svg","contentUrl":"https:\/\/litex.no\/content\/uploads\/sites\/5\/2025\/05\/litex-logo.svg","caption":"Litex"},"image":{"@id":"https:\/\/litex.no\/se\/#\/schema\/logo\/image\/"}},{"@type":"Person","@id":"https:\/\/litex.no\/se\/#\/schema\/person\/d656cf2fa01bbfb5f3b3d4deb73abdd9","name":"elise","image":{"@type":"ImageObject","inLanguage":"nb-NO","@id":"https:\/\/litex.no\/se\/#\/schema\/person\/image\/","url":"https:\/\/secure.gravatar.com\/avatar\/971576ad896e751d8d4296b17cc7f2e2f990d3bfc1787487f6a4e5198cd48a28?s=96&d=mm&r=g","contentUrl":"https:\/\/secure.gravatar.com\/avatar\/971576ad896e751d8d4296b17cc7f2e2f990d3bfc1787487f6a4e5198cd48a28?s=96&d=mm&r=g","caption":"elise"},"url":"https:\/\/litex.no\/se\/author\/elise\/"}]}},"_links":{"self":[{"href":"https:\/\/litex.no\/se\/wp-json\/wp\/v2\/posts\/1012","targetHints":{"allow":["GET"]}}],"collection":[{"href":"https:\/\/litex.no\/se\/wp-json\/wp\/v2\/posts"}],"about":[{"href":"https:\/\/litex.no\/se\/wp-json\/wp\/v2\/types\/post"}],"author":[{"embeddable":true,"href":"https:\/\/litex.no\/se\/wp-json\/wp\/v2\/users\/5"}],"replies":[{"embeddable":true,"href":"https:\/\/litex.no\/se\/wp-json\/wp\/v2\/comments?post=1012"}],"version-history":[{"count":5,"href":"https:\/\/litex.no\/se\/wp-json\/wp\/v2\/posts\/1012\/revisions"}],"predecessor-version":[{"id":1435,"href":"https:\/\/litex.no\/se\/wp-json\/wp\/v2\/posts\/1012\/revisions\/1435"}],"wp:featuredmedia":[{"embeddable":true,"href":"https:\/\/litex.no\/se\/wp-json\/wp\/v2\/media\/1013"}],"wp:attachment":[{"href":"https:\/\/litex.no\/se\/wp-json\/wp\/v2\/media?parent=1012"}],"wp:term":[{"taxonomy":"category","embeddable":true,"href":"https:\/\/litex.no\/se\/wp-json\/wp\/v2\/categories?post=1012"},{"taxonomy":"post_tag","embeddable":true,"href":"https:\/\/litex.no\/se\/wp-json\/wp\/v2\/tags?post=1012"}],"curies":[{"name":"wp","href":"https:\/\/api.w.org\/{rel}","templated":true}]}}